{"id":1,"date":"2018-09-21T00:00:16","date_gmt":"2018-09-21T00:00:16","guid":{"rendered":"https:\/\/gorarquitectes.es\/gor\/?p=1"},"modified":"2025-05-09T18:27:13","modified_gmt":"2025-05-09T18:27:13","slug":"gor-arquitectes-participa-en-la-conferencia-de-catrus-capital-2018","status":"publish","type":"post","link":"https:\/\/gorarquitectes.es\/index.php\/2018\/09\/21\/gor-arquitectes-participa-en-la-conferencia-de-catrus-capital-2018\/","title":{"rendered":"Gor arquitectes participa en la Conferencia de Catrus Capital 2018"},"content":{"rendered":"\n<p>Barcelona, 21 de septiembre de 2018. El despacho de arquitectura barcelon\u00e9s Gor Arquitectes, estuvo presente como asistente en la Conferencia organizada por Catrus Capital en el Andorra Park Hotel.<\/p>\n\n\n\n<p>Gor arquitectes formaba de las empresas colaboradoras de Catrus Capital, para dar respuestas a las necesidades de servicios de arquitectura de la comunidad rusa que desea establecerse en Catalu\u00f1a y Andorra.<\/p>\n\n\n\n<p>\u00abEs muy importante entender la cultura y las necesidades que tienen los ciudadanos rusos que quieren residir o emprender en Catalu\u00f1a y Andorra, para ofrecerles proyectos arquitect\u00f3nicos adaptados. Nuestra experiencia en el dise\u00f1o y ejecuci\u00f3n de proyectos, sumados a nuestro conocimiento del mercado ruso nos permite ofrecer soluciones personalizadas, con estilo sofisticado y de alta calidad\u00bb, afirma Guillermo Oliver, propietarios de Gor arquitectes.<\/p>\n\n\n\n<p>El acto estuvo presidido por Alexander Dmitrenko, Fundador de Catrus Capital, Enric Dolsa, propietario de Andorra Seguriser, Vallsegur y de El Peri\u00f2dic de ndorra y por Miquel Armegol Presidente de la Cam\u00e1ra del Comercio e Industria de Andorra.<\/p>\n\n\n\n<p>Para m\u00e1s informaci\u00f3n: <a href=\"http:\/\/www.gorarquitectes.es\/\">www.gorarquitectes.es<\/a>.<\/p>\n\n\n\n<p>Arquitecto Barcelona, Despacho arquitectura, Barcelona Arquitecto, Comunidad Rusa, Rusia<\/p>\n","protected":false},"excerpt":{"rendered":"<p>Barcelona, 21 de septiembre de 2018.<\/p>\n","protected":false},"author":1,"featured_media":104,"comment_status":"closed","ping_status":"closed","sticky":false,"template":"","format":"standard","meta":{"footnotes":""},"categories":[1],"tags":[],"class_list":["post-1","post","type-post","status-publish","format-standard","has-post-thumbnail","hentry","category-uncategorized",""],"_links":{"self":[{"href":"https:\/\/gorarquitectes.es\/index.php\/wp-json\/wp\/v2\/posts\/1","targetHints":{"allow":["GET"]}}],"collection":[{"href":"https:\/\/gorarquitectes.es\/index.php\/wp-json\/wp\/v2\/posts"}],"about":[{"href":"https:\/\/gorarquitectes.es\/index.php\/wp-json\/wp\/v2\/types\/post"}],"author":[{"embeddable":true,"href":"https:\/\/gorarquitectes.es\/index.php\/wp-json\/wp\/v2\/users\/1"}],"replies":[{"embeddable":true,"href":"https:\/\/gorarquitectes.es\/index.php\/wp-json\/wp\/v2\/comments?post=1"}],"version-history":[{"count":13,"href":"https:\/\/gorarquitectes.es\/index.php\/wp-json\/wp\/v2\/posts\/1\/revisions"}],"predecessor-version":[{"id":620,"href":"https:\/\/gorarquitectes.es\/index.php\/wp-json\/wp\/v2\/posts\/1\/revisions\/620"}],"wp:featuredmedia":[{"embeddable":true,"href":"https:\/\/gorarquitectes.es\/index.php\/wp-json\/wp\/v2\/media\/104"}],"wp:attachment":[{"href":"https:\/\/gorarquitectes.es\/index.php\/wp-json\/wp\/v2\/media?parent=1"}],"wp:term":[{"taxonomy":"category","embeddable":true,"href":"https:\/\/gorarquitectes.es\/index.php\/wp-json\/wp\/v2\/categories?post=1"},{"taxonomy":"post_tag","embeddable":true,"href":"https:\/\/gorarquitectes.es\/index.php\/wp-json\/wp\/v2\/tags?post=1"}],"curies":[{"name":"wp","href":"https:\/\/api.w.org\/{rel}","templated":true}]}}